{"id":13067,"date":"2026-04-13T16:14:57","date_gmt":"2026-04-13T19:14:57","guid":{"rendered":"https:\/\/www.cref13.org.br\/cref13\/?p=13067"},"modified":"2026-04-13T16:14:57","modified_gmt":"2026-04-13T19:14:57","slug":"presidente-do-cref13-ba-realiza-visita-institucional-ao-2o-batalhao-de-operacoes-litoraneas-de-fuzileiros-navais","status":"publish","type":"post","link":"https:\/\/www.cref13.org.br\/cref13\/presidente-do-cref13-ba-realiza-visita-institucional-ao-2o-batalhao-de-operacoes-litoraneas-de-fuzileiros-navais\/","title":{"rendered":"Presidente do CREF13\/BA realiza visita institucional ao 2\u00ba Batalh\u00e3o de Opera\u00e7\u00f5es Litor\u00e2neas de Fuzileiros Navais"},"content":{"rendered":"\n<p>A convite do Comandante Alexandre Machado da Motta, do Grupamento de Fuzileiros Navais de Salvador, o presidente do Conselho Regional de Educa\u00e7\u00e3o F\u00edsica da 13\u00aa Regi\u00e3o &#8211; Bahia (CREF13\/BA), Rog\u00e9rio Moura, realizou, na \u00faltima semana, uma visita institucional ao 2\u00ba Batalh\u00e3o de Opera\u00e7\u00f5es Litor\u00e2neas de Fuzileiros Navais, localizado no bairro do Com\u00e9rcio.<\/p>\n\n\n\n<p>Durante o encontro, foram discutidos temas relevantes como o crescimento das corridas de rua, o desenvolvimento de projetos futuros e o fortalecimento da parceria entre a autarquia e o \u00f3rg\u00e3o operativo integrante da estrutura da Marinha do Brasil, que se prepara para a realiza\u00e7\u00e3o da 1\u00aa Corrida do Corpo de Fuzileiros Navais Salvador, no dia 24 de maio, com o apoio do CREF13\/BA.<\/p>\n\n\n\n<p>\ud83d\udcaa O CREF13\/BA reafirma seu compromisso com a valoriza\u00e7\u00e3o da Educa\u00e7\u00e3o F\u00edsica, a promo\u00e7\u00e3o da pr\u00e1tica segura de atividades f\u00edsicas e o fortalecimento de iniciativas que contribuam para o bem-estar da sociedade.<\/p>\n","protected":false},"excerpt":{"rendered":"<p>A convite do Comandante Alexandre Machado da Motta, do Grupamento de Fuzileiros Navais de Salvador, o presidente do Conselho Regional de Educa\u00e7\u00e3o F\u00edsica da 13\u00aa Regi\u00e3o &#8211; Bahia (CREF13\/BA), Rog\u00e9rio Moura, realizou, na \u00faltima semana, uma visita institucional ao 2\u00ba Batalh\u00e3o de Opera\u00e7\u00f5es Litor\u00e2neas de Fuzileiros Navais, localizado no bairro do Com\u00e9rcio. Durante o encontro, [&hellip;]<\/p>\n","protected":false},"author":3,"featured_media":13068,"comment_status":"closed","ping_status":"open","sticky":false,"template":"","format":"standard","meta":{"footnotes":""},"categories":[14],"tags":[],"class_list":["post-13067","post","type-post","status-publish","format-standard","has-post-thumbnail","hentry","category-noticias"],"_links":{"self":[{"href":"https:\/\/www.cref13.org.br\/cref13\/wp-json\/wp\/v2\/posts\/13067","targetHints":{"allow":["GET"]}}],"collection":[{"href":"https:\/\/www.cref13.org.br\/cref13\/wp-json\/wp\/v2\/posts"}],"about":[{"href":"https:\/\/www.cref13.org.br\/cref13\/wp-json\/wp\/v2\/types\/post"}],"author":[{"embeddable":true,"href":"https:\/\/www.cref13.org.br\/cref13\/wp-json\/wp\/v2\/users\/3"}],"replies":[{"embeddable":true,"href":"https:\/\/www.cref13.org.br\/cref13\/wp-json\/wp\/v2\/comments?post=13067"}],"version-history":[{"count":1,"href":"https:\/\/www.cref13.org.br\/cref13\/wp-json\/wp\/v2\/posts\/13067\/revisions"}],"predecessor-version":[{"id":13069,"href":"https:\/\/www.cref13.org.br\/cref13\/wp-json\/wp\/v2\/posts\/13067\/revisions\/13069"}],"wp:featuredmedia":[{"embeddable":true,"href":"https:\/\/www.cref13.org.br\/cref13\/wp-json\/wp\/v2\/media\/13068"}],"wp:attachment":[{"href":"https:\/\/www.cref13.org.br\/cref13\/wp-json\/wp\/v2\/media?parent=13067"}],"wp:term":[{"taxonomy":"category","embeddable":true,"href":"https:\/\/www.cref13.org.br\/cref13\/wp-json\/wp\/v2\/categories?post=13067"},{"taxonomy":"post_tag","embeddable":true,"href":"https:\/\/www.cref13.org.br\/cref13\/wp-json\/wp\/v2\/tags?post=13067"}],"curies":[{"name":"wp","href":"https:\/\/api.w.org\/{rel}","templated":true}]}}