{"id":13070,"date":"2026-04-13T16:17:29","date_gmt":"2026-04-13T19:17:29","guid":{"rendered":"https:\/\/www.cref13.org.br\/cref13\/?p=13070"},"modified":"2026-04-13T16:17:29","modified_gmt":"2026-04-13T19:17:29","slug":"se-tem-esportes-tem-o-cref13-ba-marcando-presenca","status":"publish","type":"post","link":"https:\/\/www.cref13.org.br\/cref13\/se-tem-esportes-tem-o-cref13-ba-marcando-presenca\/","title":{"rendered":"Se tem esportes, tem o CREF13\/BA marcando presen\u00e7a!"},"content":{"rendered":"\n<p>Fortalecendo parcerias e construindo caminhos para o esporte baiano, o presidente do CREF13\/BA, Rog\u00e9rio Jean Moura, participou de um importante encontro nesta quinta-feira (9), reunindo representantes de diversas institui\u00e7\u00f5es que atuam diretamente no desenvolvimento esportivo no estado. O evento, promovido pela Setre em parceria com a Sudesb, apresentou as A\u00e7\u00f5es e Investimentos no Esporte Baiano para 2026.<\/p>\n\n\n\n<p>Estavam presentes no encontro: O presidente do CREF13\/BA, Rog\u00e9rio Jean Moura Gon\u00e7alves (CREF 001726-G\/BA), e o conselheiro da autarquia, Tiago Silva Santana (CREF 005811-G\/BA); o Diretor-geral da SUDESB, Vicente Neto; o Coordenador de Excel\u00eancia Esportiva, Uilson Souza; o Presidente da Federa\u00e7\u00e3o Baiana de Atletismo (FBA), Herbert Silva (CREF 013478-G\/BA); o Presidente da Federa\u00e7\u00e3o Baiana de Baleado (FBB), Mateus de Oliveira M\u00f4naco Viana; o Coordenador de Esportes da SETRE, Gustavo Miranda, o Secret\u00e1rio Executivo do Faz Atleta, Rodrigo Farias; o presidente da Federa\u00e7\u00e3o Baiana de Desportos Aqu\u00e1ticos (FBDA), Marco Ant\u00f4nio Lemos; o Presidente da Federa\u00e7\u00e3o Baiana de Jud\u00f4 (Febaju), Salvatore Puonzo; o vice-presidente da Confedera\u00e7\u00e3o Brasileira de Jud\u00f4 (CBJ), Marcelo Ornelas; o Secret\u00e1rio de Esportes de Sapea\u00e7u, Jailson Freitas (CREF 010654-G\/BA); o Coordenador Geral do Instituto de Pesquisa Intelig\u00eancia Esportiva (IPIE), Fernando Mezzadri; e o membro do Sistema FIEB, Evandro Amorim da Costa, entre outros representantes de \u00f3rg\u00e3os ligados ao esporte e a educa\u00e7\u00e3o.<\/p>\n\n\n\n<p>A atua\u00e7\u00e3o do CREF13\/BA em momentos como esse evidencia o compromisso com o di\u00e1logo institucional, a valoriza\u00e7\u00e3o dos profissionais de Educa\u00e7\u00e3o F\u00edsica e o fortalecimento do esporte em toda a Bahia. Seguimos juntos, fazendo o esporte avan\u00e7ar!<\/p>\n\n\n\n<p><\/p>\n","protected":false},"excerpt":{"rendered":"<p>Fortalecendo parcerias e construindo caminhos para o esporte baiano, o presidente do CREF13\/BA, Rog\u00e9rio Jean Moura, participou de um importante encontro nesta quinta-feira (9), reunindo representantes de diversas institui\u00e7\u00f5es que atuam diretamente no desenvolvimento esportivo no estado. O evento, promovido pela Setre em parceria com a Sudesb, apresentou as A\u00e7\u00f5es e Investimentos no Esporte Baiano [&hellip;]<\/p>\n","protected":false},"author":3,"featured_media":13071,"comment_status":"closed","ping_status":"open","sticky":false,"template":"","format":"standard","meta":{"footnotes":""},"categories":[14],"tags":[],"class_list":["post-13070","post","type-post","status-publish","format-standard","has-post-thumbnail","hentry","category-noticias"],"_links":{"self":[{"href":"https:\/\/www.cref13.org.br\/cref13\/wp-json\/wp\/v2\/posts\/13070","targetHints":{"allow":["GET"]}}],"collection":[{"href":"https:\/\/www.cref13.org.br\/cref13\/wp-json\/wp\/v2\/posts"}],"about":[{"href":"https:\/\/www.cref13.org.br\/cref13\/wp-json\/wp\/v2\/types\/post"}],"author":[{"embeddable":true,"href":"https:\/\/www.cref13.org.br\/cref13\/wp-json\/wp\/v2\/users\/3"}],"replies":[{"embeddable":true,"href":"https:\/\/www.cref13.org.br\/cref13\/wp-json\/wp\/v2\/comments?post=13070"}],"version-history":[{"count":1,"href":"https:\/\/www.cref13.org.br\/cref13\/wp-json\/wp\/v2\/posts\/13070\/revisions"}],"predecessor-version":[{"id":13072,"href":"https:\/\/www.cref13.org.br\/cref13\/wp-json\/wp\/v2\/posts\/13070\/revisions\/13072"}],"wp:featuredmedia":[{"embeddable":true,"href":"https:\/\/www.cref13.org.br\/cref13\/wp-json\/wp\/v2\/media\/13071"}],"wp:attachment":[{"href":"https:\/\/www.cref13.org.br\/cref13\/wp-json\/wp\/v2\/media?parent=13070"}],"wp:term":[{"taxonomy":"category","embeddable":true,"href":"https:\/\/www.cref13.org.br\/cref13\/wp-json\/wp\/v2\/categories?post=13070"},{"taxonomy":"post_tag","embeddable":true,"href":"https:\/\/www.cref13.org.br\/cref13\/wp-json\/wp\/v2\/tags?post=13070"}],"curies":[{"name":"wp","href":"https:\/\/api.w.org\/{rel}","templated":true}]}}