{"id":13073,"date":"2026-04-13T16:25:07","date_gmt":"2026-04-13T19:25:07","guid":{"rendered":"https:\/\/www.cref13.org.br\/cref13\/?p=13073"},"modified":"2026-04-13T16:25:07","modified_gmt":"2026-04-13T19:25:07","slug":"cref13-ba-homenageia-profissionais-que-marcaram-a-historia-da-educacao-fisica-na-bahia","status":"publish","type":"post","link":"https:\/\/www.cref13.org.br\/cref13\/cref13-ba-homenageia-profissionais-que-marcaram-a-historia-da-educacao-fisica-na-bahia\/","title":{"rendered":"CREF13\/BA homenageia profissionais que marcaram a hist\u00f3ria da Educa\u00e7\u00e3o F\u00edsica na Bahia"},"content":{"rendered":"\n<p>O Conselho Regional de Educa\u00e7\u00e3o F\u00edsica da 13\u00aa Regi\u00e3o \u2013 Bahia (CREF13\/BA) realizou uma solenidade de homenagem aos familiares de profissionais que deixaram um legado significativo para a Educa\u00e7\u00e3o F\u00edsica no estado. A cerim\u00f4nia foi conduzida pelo presidente do CREF13\/BA, Rog\u00e9rio Moura.<\/p>\n\n\n\n<p>Entre os homenageados est\u00e1 o professor Carlos de Souza Pimentel, primeiro presidente do Conselho, reconhecido por sua atua\u00e7\u00e3o pioneira e defesa da categoria. Seu nome j\u00e1 \u00e9 eternizado por meio da Medalha de M\u00e9rito que leva sua denomina\u00e7\u00e3o, e, na ocasi\u00e3o, seus familiares receberam uma homenagem especial em reconhecimento \u00e0 sua contribui\u00e7\u00e3o hist\u00f3rica.<\/p>\n\n\n\n<p>Tamb\u00e9m foi reverenciado o professor Helder Malheiros Marques, refer\u00eancia no esporte baiano. Em sua homenagem, a sede do CREF13\/BA passa a levar seu nome, consolidando seu legado junto \u00e0 institui\u00e7\u00e3o, da qual tamb\u00e9m foi conselheiro.<\/p>\n\n\n\n<p>Outro homenageado foi o professor e conselheiro Ivan Jorge Borges Pedreira, profissional de grande relev\u00e2ncia para a \u00e1rea. Como forma de reconhecimento, o audit\u00f3rio da sede do Conselho passa a ser denominado com seu nome.<\/p>\n\n\n\n<p>Durante a solenidade, os familiares receberam placas comemorativas, em um momento marcado pela emo\u00e7\u00e3o e pelo reconhecimento p\u00fablico. Conselheiros do CREF13\/BA tamb\u00e9m estiveram presentes, refor\u00e7ando a import\u00e2ncia de valorizar aqueles que contribu\u00edram para o fortalecimento da profiss\u00e3o.<\/p>\n\n\n\n<p>A iniciativa simboliza o compromisso do Conselho em preservar a mem\u00f3ria e reconhecer, de forma institucional, os profissionais que ajudaram a construir a hist\u00f3ria da Educa\u00e7\u00e3o F\u00edsica na Bahia.<\/p>\n","protected":false},"excerpt":{"rendered":"<p>O Conselho Regional de Educa\u00e7\u00e3o F\u00edsica da 13\u00aa Regi\u00e3o \u2013 Bahia (CREF13\/BA) realizou uma solenidade de homenagem aos familiares de profissionais que deixaram um legado significativo para a Educa\u00e7\u00e3o F\u00edsica no estado. A cerim\u00f4nia foi conduzida pelo presidente do CREF13\/BA, Rog\u00e9rio Moura. Entre os homenageados est\u00e1 o professor Carlos de Souza Pimentel, primeiro presidente do [&hellip;]<\/p>\n","protected":false},"author":3,"featured_media":13074,"comment_status":"closed","ping_status":"open","sticky":false,"template":"","format":"standard","meta":{"footnotes":""},"categories":[14],"tags":[],"class_list":["post-13073","post","type-post","status-publish","format-standard","has-post-thumbnail","hentry","category-noticias"],"_links":{"self":[{"href":"https:\/\/www.cref13.org.br\/cref13\/wp-json\/wp\/v2\/posts\/13073","targetHints":{"allow":["GET"]}}],"collection":[{"href":"https:\/\/www.cref13.org.br\/cref13\/wp-json\/wp\/v2\/posts"}],"about":[{"href":"https:\/\/www.cref13.org.br\/cref13\/wp-json\/wp\/v2\/types\/post"}],"author":[{"embeddable":true,"href":"https:\/\/www.cref13.org.br\/cref13\/wp-json\/wp\/v2\/users\/3"}],"replies":[{"embeddable":true,"href":"https:\/\/www.cref13.org.br\/cref13\/wp-json\/wp\/v2\/comments?post=13073"}],"version-history":[{"count":1,"href":"https:\/\/www.cref13.org.br\/cref13\/wp-json\/wp\/v2\/posts\/13073\/revisions"}],"predecessor-version":[{"id":13075,"href":"https:\/\/www.cref13.org.br\/cref13\/wp-json\/wp\/v2\/posts\/13073\/revisions\/13075"}],"wp:featuredmedia":[{"embeddable":true,"href":"https:\/\/www.cref13.org.br\/cref13\/wp-json\/wp\/v2\/media\/13074"}],"wp:attachment":[{"href":"https:\/\/www.cref13.org.br\/cref13\/wp-json\/wp\/v2\/media?parent=13073"}],"wp:term":[{"taxonomy":"category","embeddable":true,"href":"https:\/\/www.cref13.org.br\/cref13\/wp-json\/wp\/v2\/categories?post=13073"},{"taxonomy":"post_tag","embeddable":true,"href":"https:\/\/www.cref13.org.br\/cref13\/wp-json\/wp\/v2\/tags?post=13073"}],"curies":[{"name":"wp","href":"https:\/\/api.w.org\/{rel}","templated":true}]}}