{"id":13076,"date":"2026-04-13T16:26:18","date_gmt":"2026-04-13T19:26:18","guid":{"rendered":"https:\/\/www.cref13.org.br\/cref13\/?p=13076"},"modified":"2026-04-13T16:26:18","modified_gmt":"2026-04-13T19:26:18","slug":"atendimento-movel-do-cref13-ba-em-teixeira-de-freitas","status":"publish","type":"post","link":"https:\/\/www.cref13.org.br\/cref13\/atendimento-movel-do-cref13-ba-em-teixeira-de-freitas\/","title":{"rendered":"Atendimento M\u00f3vel do CREF13\/BA em Teixeira de Freitas"},"content":{"rendered":"\n<p>O CREF13\/BA estar\u00e1 em Teixeira de Freitas, durante a Fitness Bahia Expo, na sexta-feira (17), das 17h \u00e0s 21h.<br>S\u00e1bado e domingo (18 e 19), das 8h \u00e0s 17h.<br>Local: Clube Jacarand\u00e1 &#8211; R. Manaus, 393 &#8211; Bela Vista, Teixeira de Freitas &#8211; BA, 45996-010.<\/p>\n\n\n\n<p>Essa \u00e9 a oportunidade para resolver pend\u00eancias, atualizar seu cadastro e esclarecer d\u00favidas de forma pr\u00e1tica e presencial. Durante a a\u00e7\u00e3o, estar\u00e3o dispon\u00edveis os principais servi\u00e7os do Conselho, como informa\u00e7\u00f5es sobre registro profissional e de Pessoa Jur\u00eddica (PJ), atualiza\u00e7\u00e3o cadastral, orienta\u00e7\u00f5es sobre a atua\u00e7\u00e3o profissional e regulariza\u00e7\u00e3o de pend\u00eancias.<\/p>\n\n\n\n<p>A iniciativa \u00e9 voltada a Profissionais de Educa\u00e7\u00e3o F\u00edsica e gestores de Pessoas Jur\u00eddicas, refor\u00e7ando o compromisso do CREF13\/BA em estar cada vez mais pr\u00f3ximo da categoria, ampliando o acesso aos servi\u00e7os nos territ\u00f3rios e fortalecendo o exerc\u00edcio legal, \u00e9tico e qualificado da profiss\u00e3o.<\/p>\n\n\n\n<p>Agende seu atendimento atrav\u00e9s do nosso site.<\/p>\n","protected":false},"excerpt":{"rendered":"<p>O CREF13\/BA estar\u00e1 em Teixeira de Freitas, durante a Fitness Bahia Expo, na sexta-feira (17), das 17h \u00e0s 21h.S\u00e1bado e domingo (18 e 19), das 8h \u00e0s 17h.Local: Clube Jacarand\u00e1 &#8211; R. Manaus, 393 &#8211; Bela Vista, Teixeira de Freitas &#8211; BA, 45996-010. Essa \u00e9 a oportunidade para resolver pend\u00eancias, atualizar seu cadastro e esclarecer [&hellip;]<\/p>\n","protected":false},"author":3,"featured_media":13077,"comment_status":"closed","ping_status":"open","sticky":false,"template":"","format":"standard","meta":{"footnotes":""},"categories":[14],"tags":[],"class_list":["post-13076","post","type-post","status-publish","format-standard","has-post-thumbnail","hentry","category-noticias"],"_links":{"self":[{"href":"https:\/\/www.cref13.org.br\/cref13\/wp-json\/wp\/v2\/posts\/13076","targetHints":{"allow":["GET"]}}],"collection":[{"href":"https:\/\/www.cref13.org.br\/cref13\/wp-json\/wp\/v2\/posts"}],"about":[{"href":"https:\/\/www.cref13.org.br\/cref13\/wp-json\/wp\/v2\/types\/post"}],"author":[{"embeddable":true,"href":"https:\/\/www.cref13.org.br\/cref13\/wp-json\/wp\/v2\/users\/3"}],"replies":[{"embeddable":true,"href":"https:\/\/www.cref13.org.br\/cref13\/wp-json\/wp\/v2\/comments?post=13076"}],"version-history":[{"count":1,"href":"https:\/\/www.cref13.org.br\/cref13\/wp-json\/wp\/v2\/posts\/13076\/revisions"}],"predecessor-version":[{"id":13078,"href":"https:\/\/www.cref13.org.br\/cref13\/wp-json\/wp\/v2\/posts\/13076\/revisions\/13078"}],"wp:featuredmedia":[{"embeddable":true,"href":"https:\/\/www.cref13.org.br\/cref13\/wp-json\/wp\/v2\/media\/13077"}],"wp:attachment":[{"href":"https:\/\/www.cref13.org.br\/cref13\/wp-json\/wp\/v2\/media?parent=13076"}],"wp:term":[{"taxonomy":"category","embeddable":true,"href":"https:\/\/www.cref13.org.br\/cref13\/wp-json\/wp\/v2\/categories?post=13076"},{"taxonomy":"post_tag","embeddable":true,"href":"https:\/\/www.cref13.org.br\/cref13\/wp-json\/wp\/v2\/tags?post=13076"}],"curies":[{"name":"wp","href":"https:\/\/api.w.org\/{rel}","templated":true}]}}