{"id":13079,"date":"2026-04-14T16:50:38","date_gmt":"2026-04-14T19:50:38","guid":{"rendered":"https:\/\/www.cref13.org.br\/cref13\/?p=13079"},"modified":"2026-04-14T16:50:38","modified_gmt":"2026-04-14T19:50:38","slug":"41-perfis-sao-notificados-pelo-cref13-ba-neste-primeiro-trimestre-de-2026","status":"publish","type":"post","link":"https:\/\/www.cref13.org.br\/cref13\/41-perfis-sao-notificados-pelo-cref13-ba-neste-primeiro-trimestre-de-2026\/","title":{"rendered":"41 perfis s\u00e3o notificados pelo CREF13\/BA neste primeiro trimestre de 2026."},"content":{"rendered":"\n<p>Fiscaliza\u00e7\u00e3o tamb\u00e9m \u00e9 compromisso com a sua seguran\u00e7a!<\/p>\n\n\n\n<p>Durante o primeiro trimestre de 2026, o CREF13\/BA realizou uma opera\u00e7\u00e3o de monitoramento nas redes sociais e notificou perfis que estavam exercendo ilegalmente a profiss\u00e3o de Educa\u00e7\u00e3o F\u00edsica na rede social Instagram.<\/p>\n\n\n\n<p>Ao todo, 41 perfis foram fiscalizados e notificados. A atua\u00e7\u00e3o irregular coloca em risco a sa\u00fade da popula\u00e7\u00e3o e desvaloriza os profissionais devidamente registrados. Por isso, seguimos atentos: identificou, notificou.<\/p>\n\n\n\n<p>Verifique sempre se o profissional possui registro ativo no sistema CONFEF\/CREFs.<\/p>\n\n\n\n<p>\u2696\ufe0f Exerc\u00edcio ilegal da profiss\u00e3o \u00e9 crime.<\/p>\n\n\n\n<p>\ud83d\udce2 Denuncie. Fiscalize. Valorize quem atua dentro da lei.<\/p>\n","protected":false},"excerpt":{"rendered":"<p>Fiscaliza\u00e7\u00e3o tamb\u00e9m \u00e9 compromisso com a sua seguran\u00e7a! Durante o primeiro trimestre de 2026, o CREF13\/BA realizou uma opera\u00e7\u00e3o de monitoramento nas redes sociais e notificou perfis que estavam exercendo ilegalmente a profiss\u00e3o de Educa\u00e7\u00e3o F\u00edsica na rede social Instagram. Ao todo, 41 perfis foram fiscalizados e notificados. A atua\u00e7\u00e3o irregular coloca em risco a [&hellip;]<\/p>\n","protected":false},"author":3,"featured_media":13080,"comment_status":"closed","ping_status":"open","sticky":false,"template":"","format":"standard","meta":{"footnotes":""},"categories":[14],"tags":[],"class_list":["post-13079","post","type-post","status-publish","format-standard","has-post-thumbnail","hentry","category-noticias"],"_links":{"self":[{"href":"https:\/\/www.cref13.org.br\/cref13\/wp-json\/wp\/v2\/posts\/13079","targetHints":{"allow":["GET"]}}],"collection":[{"href":"https:\/\/www.cref13.org.br\/cref13\/wp-json\/wp\/v2\/posts"}],"about":[{"href":"https:\/\/www.cref13.org.br\/cref13\/wp-json\/wp\/v2\/types\/post"}],"author":[{"embeddable":true,"href":"https:\/\/www.cref13.org.br\/cref13\/wp-json\/wp\/v2\/users\/3"}],"replies":[{"embeddable":true,"href":"https:\/\/www.cref13.org.br\/cref13\/wp-json\/wp\/v2\/comments?post=13079"}],"version-history":[{"count":1,"href":"https:\/\/www.cref13.org.br\/cref13\/wp-json\/wp\/v2\/posts\/13079\/revisions"}],"predecessor-version":[{"id":13081,"href":"https:\/\/www.cref13.org.br\/cref13\/wp-json\/wp\/v2\/posts\/13079\/revisions\/13081"}],"wp:featuredmedia":[{"embeddable":true,"href":"https:\/\/www.cref13.org.br\/cref13\/wp-json\/wp\/v2\/media\/13080"}],"wp:attachment":[{"href":"https:\/\/www.cref13.org.br\/cref13\/wp-json\/wp\/v2\/media?parent=13079"}],"wp:term":[{"taxonomy":"category","embeddable":true,"href":"https:\/\/www.cref13.org.br\/cref13\/wp-json\/wp\/v2\/categories?post=13079"},{"taxonomy":"post_tag","embeddable":true,"href":"https:\/\/www.cref13.org.br\/cref13\/wp-json\/wp\/v2\/tags?post=13079"}],"curies":[{"name":"wp","href":"https:\/\/api.w.org\/{rel}","templated":true}]}}