{"id":13090,"date":"2026-04-15T16:15:15","date_gmt":"2026-04-15T19:15:15","guid":{"rendered":"https:\/\/www.cref13.org.br\/cref13\/?p=13090"},"modified":"2026-04-16T16:16:06","modified_gmt":"2026-04-16T19:16:06","slug":"mais-educacao-fisica-nas-escolas-e-mais-saude-mais-desenvolvimento-e-mais-futuro","status":"publish","type":"post","link":"https:\/\/www.cref13.org.br\/cref13\/mais-educacao-fisica-nas-escolas-e-mais-saude-mais-desenvolvimento-e-mais-futuro\/","title":{"rendered":"Mais Educa\u00e7\u00e3o F\u00edsica nas escolas \u00e9 mais sa\u00fade, mais desenvolvimento e mais futuro."},"content":{"rendered":"\n<p><\/p>\n\n\n\n<p>A Educa\u00e7\u00e3o F\u00edsica j\u00e1 \u00e9 um componente curricular obrigat\u00f3rio na educa\u00e7\u00e3o b\u00e1sica, conforme a Lei de Diretrizes e Bases da Educa\u00e7\u00e3o. No entanto, a carga hor\u00e1ria m\u00ednima definida atualmente, n\u00e3o contempla as necessidades para um desenvolvimento adequado dos alunos.<\/p>\n\n\n\n<p>O Projeto de Lei n\u00ba 3.929\/2019 avan\u00e7a nesse debate ao propor a defini\u00e7\u00e3o de no m\u00ednimo 3 horas-aula semanais, fortalecendo o papel da disciplina na forma\u00e7\u00e3o integral dos estudantes. A proposta dialoga com recomenda\u00e7\u00f5es da Organiza\u00e7\u00e3o Mundial da Sa\u00fade, que indica a pr\u00e1tica regular de atividade f\u00edsica como essencial para crian\u00e7as e adolescentes, e reconhece a escola como o ambiente mais democr\u00e1tico para garantir esse acesso.<\/p>\n\n\n\n<p>Ampliar o tempo dedicado \u00e0 Educa\u00e7\u00e3o F\u00edsica \u00e9 investir em:<br>\u2714\ufe0f sa\u00fade<br>\u2714\ufe0f aprendizagem<br>\u2714\ufe0f desenvolvimento social<\/p>\n\n\n\n<p>E tamb\u00e9m fortalecer a atua\u00e7\u00e3o do profissional de Educa\u00e7\u00e3o F\u00edsica na forma\u00e7\u00e3o das novas gera\u00e7\u00f5es. O CREF13\/BA segue acompanhando e defendendo iniciativas que valorizem a profiss\u00e3o e promovam mais qualidade de vida para a sociedade.<\/p>\n","protected":false},"excerpt":{"rendered":"<p>A Educa\u00e7\u00e3o F\u00edsica j\u00e1 \u00e9 um componente curricular obrigat\u00f3rio na educa\u00e7\u00e3o b\u00e1sica, conforme a Lei de Diretrizes e Bases da Educa\u00e7\u00e3o. No entanto, a carga hor\u00e1ria m\u00ednima definida atualmente, n\u00e3o contempla as necessidades para um desenvolvimento adequado dos alunos. O Projeto de Lei n\u00ba 3.929\/2019 avan\u00e7a nesse debate ao propor a defini\u00e7\u00e3o de no m\u00ednimo [&hellip;]<\/p>\n","protected":false},"author":3,"featured_media":13091,"comment_status":"closed","ping_status":"open","sticky":false,"template":"","format":"standard","meta":{"footnotes":""},"categories":[14],"tags":[],"class_list":["post-13090","post","type-post","status-publish","format-standard","has-post-thumbnail","hentry","category-noticias"],"_links":{"self":[{"href":"https:\/\/www.cref13.org.br\/cref13\/wp-json\/wp\/v2\/posts\/13090","targetHints":{"allow":["GET"]}}],"collection":[{"href":"https:\/\/www.cref13.org.br\/cref13\/wp-json\/wp\/v2\/posts"}],"about":[{"href":"https:\/\/www.cref13.org.br\/cref13\/wp-json\/wp\/v2\/types\/post"}],"author":[{"embeddable":true,"href":"https:\/\/www.cref13.org.br\/cref13\/wp-json\/wp\/v2\/users\/3"}],"replies":[{"embeddable":true,"href":"https:\/\/www.cref13.org.br\/cref13\/wp-json\/wp\/v2\/comments?post=13090"}],"version-history":[{"count":1,"href":"https:\/\/www.cref13.org.br\/cref13\/wp-json\/wp\/v2\/posts\/13090\/revisions"}],"predecessor-version":[{"id":13092,"href":"https:\/\/www.cref13.org.br\/cref13\/wp-json\/wp\/v2\/posts\/13090\/revisions\/13092"}],"wp:featuredmedia":[{"embeddable":true,"href":"https:\/\/www.cref13.org.br\/cref13\/wp-json\/wp\/v2\/media\/13091"}],"wp:attachment":[{"href":"https:\/\/www.cref13.org.br\/cref13\/wp-json\/wp\/v2\/media?parent=13090"}],"wp:term":[{"taxonomy":"category","embeddable":true,"href":"https:\/\/www.cref13.org.br\/cref13\/wp-json\/wp\/v2\/categories?post=13090"},{"taxonomy":"post_tag","embeddable":true,"href":"https:\/\/www.cref13.org.br\/cref13\/wp-json\/wp\/v2\/tags?post=13090"}],"curies":[{"name":"wp","href":"https:\/\/api.w.org\/{rel}","templated":true}]}}