{"id":2491,"date":"2022-01-26T17:00:00","date_gmt":"2022-01-26T20:00:00","guid":{"rendered":"https:\/\/www.cref13.org.br\/cref13\/?p=2491"},"modified":"2022-03-15T10:32:24","modified_gmt":"2022-03-15T13:32:24","slug":"2491-2","status":"publish","type":"post","link":"https:\/\/www.cref13.org.br\/cref13\/2491-2\/","title":{"rendered":"UNIDADE M\u00d3VEL PRESTAR\u00c1 ATENDIMENTO EM VIT\u00d3RIA DA CONQUISTA-BA ENTRE OS DIAS 07 AT\u00c9 11 DE FEVEREIRO"},"content":{"rendered":"\n<p class=\"has-text-align-left\">Entre os dias 07 at\u00e9 11 de Fevereiro a unidade m\u00f3vel oficial, que levar\u00e1 atendimento prestado pelo Conselho Regional de Educa\u00e7\u00e3o F\u00edsica da Bahia \u2013 CREF13\/BA, estar\u00e1 na cidade de Vit\u00f3ria da Conquista-BA, na Faculdade FTC. Todo atendimento ser\u00e1 realizado diante de agendamento no site do CREF13\/BA.<\/p>\n\n\n\n<p class=\"has-text-align-left\">Oferecendo servi\u00e7os de forma presencial, o ve\u00edculo estar\u00e1 na Faculdade FTC, Endere\u00e7o: Rua Ubaldino Figueira, 200 &#8211; Recreio, Vit\u00f3ria da Conquista &#8211; BA, 45020-510, e disp\u00f5e de todos os equipamentos necess\u00e1rios para prestar atendimento \u00e0 categoria, como: renova\u00e7\u00e3o, negocia\u00e7\u00e3o, inclus\u00e3o de categoria, primeiro registro, baixa de registro, transfer\u00eancia e revigoramento.<\/p>\n\n\n\n<p class=\"has-text-align-left\">Os profissionais que estiverem apresentando sintomas, como: tosse, falta de ar, febre ou que tiverem entrado em contato com algu\u00e9m que tenha exibido esses sintomas nos \u00faltimos 14 dias, atendendo a norma da portaria 105\/2020 (CREF13\/BA), devem evitar o agendamento dos servi\u00e7os prestados pelo CREF13\/BA. O agendamento deve ser feito por meio do link: https:\/\/www.cref13.org.br\/cref13\/agendamento\/<\/p>\n","protected":false},"excerpt":{"rendered":"<p>Entre os dias 07 at\u00e9 11 de Fevereiro a unidade m\u00f3vel oficial, que levar\u00e1 atendimento prestado pelo Conselho Regional de Educa\u00e7\u00e3o F\u00edsica da Bahia \u2013 CREF13\/BA, estar\u00e1 na cidade de Vit\u00f3ria da Conquista-BA, na Faculdade FTC. Todo atendimento ser\u00e1 realizado diante de agendamento no site do CREF13\/BA. Oferecendo servi\u00e7os de forma presencial, o ve\u00edculo estar\u00e1 [&hellip;]<\/p>\n","protected":false},"author":3,"featured_media":2493,"comment_status":"closed","ping_status":"open","sticky":false,"template":"","format":"standard","meta":{"footnotes":""},"categories":[14],"tags":[],"class_list":["post-2491","post","type-post","status-publish","format-standard","has-post-thumbnail","hentry","category-noticias"],"_links":{"self":[{"href":"https:\/\/www.cref13.org.br\/cref13\/wp-json\/wp\/v2\/posts\/2491","targetHints":{"allow":["GET"]}}],"collection":[{"href":"https:\/\/www.cref13.org.br\/cref13\/wp-json\/wp\/v2\/posts"}],"about":[{"href":"https:\/\/www.cref13.org.br\/cref13\/wp-json\/wp\/v2\/types\/post"}],"author":[{"embeddable":true,"href":"https:\/\/www.cref13.org.br\/cref13\/wp-json\/wp\/v2\/users\/3"}],"replies":[{"embeddable":true,"href":"https:\/\/www.cref13.org.br\/cref13\/wp-json\/wp\/v2\/comments?post=2491"}],"version-history":[{"count":3,"href":"https:\/\/www.cref13.org.br\/cref13\/wp-json\/wp\/v2\/posts\/2491\/revisions"}],"predecessor-version":[{"id":2778,"href":"https:\/\/www.cref13.org.br\/cref13\/wp-json\/wp\/v2\/posts\/2491\/revisions\/2778"}],"wp:featuredmedia":[{"embeddable":true,"href":"https:\/\/www.cref13.org.br\/cref13\/wp-json\/wp\/v2\/media\/2493"}],"wp:attachment":[{"href":"https:\/\/www.cref13.org.br\/cref13\/wp-json\/wp\/v2\/media?parent=2491"}],"wp:term":[{"taxonomy":"category","embeddable":true,"href":"https:\/\/www.cref13.org.br\/cref13\/wp-json\/wp\/v2\/categories?post=2491"},{"taxonomy":"post_tag","embeddable":true,"href":"https:\/\/www.cref13.org.br\/cref13\/wp-json\/wp\/v2\/tags?post=2491"}],"curies":[{"name":"wp","href":"https:\/\/api.w.org\/{rel}","templated":true}]}}