{"id":4635,"date":"2023-03-29T09:54:07","date_gmt":"2023-03-29T12:54:07","guid":{"rendered":"https:\/\/www.cref13.org.br\/cref13\/?p=4635"},"modified":"2023-03-29T09:54:07","modified_gmt":"2023-03-29T12:54:07","slug":"parabens-salvador-474-anos-de-historia","status":"publish","type":"post","link":"https:\/\/www.cref13.org.br\/cref13\/parabens-salvador-474-anos-de-historia\/","title":{"rendered":"Parab\u00e9ns, Salvador 474 anos de hist\u00f3ria!"},"content":{"rendered":"\n<p>Parab\u00e9ns, Salvador!<\/p>\n\n\n\n<p>A primeira capital do Brasil completa 474 anos. Uma cidade cheia de hist\u00f3rias, energia e amor. S\u00f3 quem mora na capital baiana pode falar e contemplar diariamente, a beleza que irradia nos quatro cantos dessa terra amada.<\/p>\n\n\n\n<p>O CREF13\/BA deixa sua singela homenagem a esta cidade que encanta a todos, dona de um povo forte, trabalhador e feliz!<\/p>\n","protected":false},"excerpt":{"rendered":"<p>Parab\u00e9ns, Salvador! A primeira capital do Brasil completa 474 anos. Uma cidade cheia de hist\u00f3rias, energia e amor. S\u00f3 quem mora na capital baiana pode falar e contemplar diariamente, a beleza que irradia nos quatro cantos dessa terra amada. O CREF13\/BA deixa sua singela homenagem a esta cidade que encanta a todos, dona de um [&hellip;]<\/p>\n","protected":false},"author":3,"featured_media":4636,"comment_status":"closed","ping_status":"open","sticky":false,"template":"","format":"standard","meta":{"footnotes":""},"categories":[14],"tags":[],"class_list":["post-4635","post","type-post","status-publish","format-standard","has-post-thumbnail","hentry","category-noticias"],"_links":{"self":[{"href":"https:\/\/www.cref13.org.br\/cref13\/wp-json\/wp\/v2\/posts\/4635","targetHints":{"allow":["GET"]}}],"collection":[{"href":"https:\/\/www.cref13.org.br\/cref13\/wp-json\/wp\/v2\/posts"}],"about":[{"href":"https:\/\/www.cref13.org.br\/cref13\/wp-json\/wp\/v2\/types\/post"}],"author":[{"embeddable":true,"href":"https:\/\/www.cref13.org.br\/cref13\/wp-json\/wp\/v2\/users\/3"}],"replies":[{"embeddable":true,"href":"https:\/\/www.cref13.org.br\/cref13\/wp-json\/wp\/v2\/comments?post=4635"}],"version-history":[{"count":1,"href":"https:\/\/www.cref13.org.br\/cref13\/wp-json\/wp\/v2\/posts\/4635\/revisions"}],"predecessor-version":[{"id":4637,"href":"https:\/\/www.cref13.org.br\/cref13\/wp-json\/wp\/v2\/posts\/4635\/revisions\/4637"}],"wp:featuredmedia":[{"embeddable":true,"href":"https:\/\/www.cref13.org.br\/cref13\/wp-json\/wp\/v2\/media\/4636"}],"wp:attachment":[{"href":"https:\/\/www.cref13.org.br\/cref13\/wp-json\/wp\/v2\/media?parent=4635"}],"wp:term":[{"taxonomy":"category","embeddable":true,"href":"https:\/\/www.cref13.org.br\/cref13\/wp-json\/wp\/v2\/categories?post=4635"},{"taxonomy":"post_tag","embeddable":true,"href":"https:\/\/www.cref13.org.br\/cref13\/wp-json\/wp\/v2\/tags?post=4635"}],"curies":[{"name":"wp","href":"https:\/\/api.w.org\/{rel}","templated":true}]}}