{"id":5121,"date":"2023-05-25T14:02:46","date_gmt":"2023-05-25T17:02:46","guid":{"rendered":"https:\/\/www.cref13.org.br\/cref13\/?p=5121"},"modified":"2023-05-25T14:02:46","modified_gmt":"2023-05-25T17:02:46","slug":"25-de-maio-dia-nacional-do-desporto-escolar-profissionais-de-educacao-fisica-registrados-na-inclusao-do-esporte-nas-escolas","status":"publish","type":"post","link":"https:\/\/www.cref13.org.br\/cref13\/25-de-maio-dia-nacional-do-desporto-escolar-profissionais-de-educacao-fisica-registrados-na-inclusao-do-esporte-nas-escolas\/","title":{"rendered":"25 de maio &#8211; Dia Nacional do Desporto Escolar: Profissionais de Educa\u00e7\u00e3o F\u00edsica Registrados na Inclus\u00e3o do Esporte nas Escolas"},"content":{"rendered":"\n<p><\/p>\n\n\n\n<p>O Conselho Regional de Educa\u00e7\u00e3o F\u00edsica da Bahia \u2013 CREF13\/BA, celebra nesta quinta-feira, 25, o Dia Nacional do Desporto Escolar, reconhecendo a import\u00e2ncia da participa\u00e7\u00e3o de P rofissionais de Educa\u00e7\u00e3o F\u00edsica registrados na promo\u00e7\u00e3o da inclus\u00e3o do esporte nas escolas. Nesta data especial, destacamos o papel fundamental desses profissionais na constru\u00e7\u00e3o de um ambiente escolar saud\u00e1vel e seguro, promovendo benef\u00edcios significativos para os estudantes.<\/p>\n\n\n\n<p>A presen\u00e7a de profissionais de Educa\u00e7\u00e3o F\u00edsica qualificados nas institui\u00e7\u00f5es de ensino \u00e9 de extrema import\u00e2ncia para o desenvolvimento integral dos estudantes. Al\u00e9m de incentivar a pr\u00e1tica esportiva, esses profissionais desempenham um papel fundamental na promo\u00e7\u00e3o da seguran\u00e7a e sa\u00fade dos alunos, contribuindo para a preven\u00e7\u00e3o de les\u00f5es e o est\u00edmulo de h\u00e1bitos saud\u00e1veis.<\/p>\n\n\n\n<p>Ao proporcionar aulas de Educa\u00e7\u00e3o F\u00edsica adequadas, os profissionais registrados auxiliam na forma\u00e7\u00e3o f\u00edsica e psicomotora dos estudantes, estimulando o desenvolvimento de habilidades, o trabalho em equipe, a disciplina e a supera\u00e7\u00e3o de desafios. O esporte escolar, por sua vez, promove a inclus\u00e3o, a socializa\u00e7\u00e3o e o respeito \u00e0s diferen\u00e7as, contribuindo para a forma\u00e7\u00e3o de cidad\u00e3os mais conscientes e participativos. A presen\u00e7a de profissionais de Educa\u00e7\u00e3o F\u00edsica registrados nas escolas tamb\u00e9m fortalece a valoriza\u00e7\u00e3o da profiss\u00e3o e a garantia de um trabalho de qualidade.<\/p>\n\n\n\n<p>Neste Dia Nacional do Desporto Escolar, o Conselho Regional de Educa\u00e7\u00e3o F\u00edsica da Bahia reafirma o compromisso com a inclus\u00e3o do esporte nas escolas e ressalta a import\u00e2ncia de contar com Profissionais de Educa\u00e7\u00e3o F\u00edsica registrados nesse processo. Juntos, podemos construir um ambiente escolar mais saud\u00e1vel, seguro e prop\u00edcio ao desenvolvimento integral dos estudantes, contribuindo para a forma\u00e7\u00e3o de uma sociedade mais ativa e consciente dos benef\u00edcios do esporte.<\/p>\n","protected":false},"excerpt":{"rendered":"<p>O Conselho Regional de Educa\u00e7\u00e3o F\u00edsica da Bahia \u2013 CREF13\/BA, celebra nesta quinta-feira, 25, o Dia Nacional do Desporto Escolar, reconhecendo a import\u00e2ncia da participa\u00e7\u00e3o de P rofissionais de Educa\u00e7\u00e3o F\u00edsica registrados na promo\u00e7\u00e3o da inclus\u00e3o do esporte nas escolas. Nesta data especial, destacamos o papel fundamental desses profissionais na constru\u00e7\u00e3o de um ambiente escolar [&hellip;]<\/p>\n","protected":false},"author":3,"featured_media":5122,"comment_status":"closed","ping_status":"open","sticky":false,"template":"","format":"standard","meta":{"footnotes":""},"categories":[14],"tags":[],"class_list":["post-5121","post","type-post","status-publish","format-standard","has-post-thumbnail","hentry","category-noticias"],"_links":{"self":[{"href":"https:\/\/www.cref13.org.br\/cref13\/wp-json\/wp\/v2\/posts\/5121","targetHints":{"allow":["GET"]}}],"collection":[{"href":"https:\/\/www.cref13.org.br\/cref13\/wp-json\/wp\/v2\/posts"}],"about":[{"href":"https:\/\/www.cref13.org.br\/cref13\/wp-json\/wp\/v2\/types\/post"}],"author":[{"embeddable":true,"href":"https:\/\/www.cref13.org.br\/cref13\/wp-json\/wp\/v2\/users\/3"}],"replies":[{"embeddable":true,"href":"https:\/\/www.cref13.org.br\/cref13\/wp-json\/wp\/v2\/comments?post=5121"}],"version-history":[{"count":1,"href":"https:\/\/www.cref13.org.br\/cref13\/wp-json\/wp\/v2\/posts\/5121\/revisions"}],"predecessor-version":[{"id":5123,"href":"https:\/\/www.cref13.org.br\/cref13\/wp-json\/wp\/v2\/posts\/5121\/revisions\/5123"}],"wp:featuredmedia":[{"embeddable":true,"href":"https:\/\/www.cref13.org.br\/cref13\/wp-json\/wp\/v2\/media\/5122"}],"wp:attachment":[{"href":"https:\/\/www.cref13.org.br\/cref13\/wp-json\/wp\/v2\/media?parent=5121"}],"wp:term":[{"taxonomy":"category","embeddable":true,"href":"https:\/\/www.cref13.org.br\/cref13\/wp-json\/wp\/v2\/categories?post=5121"},{"taxonomy":"post_tag","embeddable":true,"href":"https:\/\/www.cref13.org.br\/cref13\/wp-json\/wp\/v2\/tags?post=5121"}],"curies":[{"name":"wp","href":"https:\/\/api.w.org\/{rel}","templated":true}]}}