{"id":7808,"date":"2024-04-23T10:44:52","date_gmt":"2024-04-23T13:44:52","guid":{"rendered":"https:\/\/www.cref13.org.br\/cref13\/?p=7808"},"modified":"2024-04-23T10:44:52","modified_gmt":"2024-04-23T13:44:52","slug":"cref13-ba-interdita-academia-na-suburbana-em-salvador","status":"publish","type":"post","link":"https:\/\/www.cref13.org.br\/cref13\/cref13-ba-interdita-academia-na-suburbana-em-salvador\/","title":{"rendered":"CREF13\/BA interdita academia na Suburbana, em Salvador"},"content":{"rendered":"\n<p>A equipe de Orienta\u00e7\u00e3o e Fiscaliza\u00e7\u00e3o do CREF13\/BA durante a fiscaliza\u00e7\u00e3o,&nbsp;ap\u00f3s den\u00fancias apuradas, interditou uma academia na Suburbana, em Salvador.&nbsp;A participa\u00e7\u00e3o da sociedade colaborando com as a\u00e7\u00f5es de fiscaliza\u00e7\u00e3o do CREF13\/BA, realizando den\u00fancias sobre qualquer tipo de irregularidade \u00e9 essencial.&nbsp;<\/p>\n\n\n\n<p>Continue acompanhando os desdobramentos da Opera\u00e7\u00e3o Academia Legal que continua por todo estado!&nbsp;Para denunciar qualquer tipo de irregularidade, basta acessar o link na bio do Instagram ou no site cref13.org.br .<\/p>\n","protected":false},"excerpt":{"rendered":"<p>A equipe de Orienta\u00e7\u00e3o e Fiscaliza\u00e7\u00e3o do CREF13\/BA durante a fiscaliza\u00e7\u00e3o,&nbsp;ap\u00f3s den\u00fancias apuradas, interditou uma academia na Suburbana, em Salvador.&nbsp;A participa\u00e7\u00e3o da sociedade colaborando com as a\u00e7\u00f5es de fiscaliza\u00e7\u00e3o do CREF13\/BA, realizando den\u00fancias sobre qualquer tipo de irregularidade \u00e9 essencial.&nbsp; Continue acompanhando os desdobramentos da Opera\u00e7\u00e3o Academia Legal que continua por todo estado!&nbsp;Para denunciar qualquer [&hellip;]<\/p>\n","protected":false},"author":3,"featured_media":7809,"comment_status":"closed","ping_status":"open","sticky":false,"template":"","format":"standard","meta":{"footnotes":""},"categories":[14],"tags":[],"class_list":["post-7808","post","type-post","status-publish","format-standard","has-post-thumbnail","hentry","category-noticias"],"_links":{"self":[{"href":"https:\/\/www.cref13.org.br\/cref13\/wp-json\/wp\/v2\/posts\/7808","targetHints":{"allow":["GET"]}}],"collection":[{"href":"https:\/\/www.cref13.org.br\/cref13\/wp-json\/wp\/v2\/posts"}],"about":[{"href":"https:\/\/www.cref13.org.br\/cref13\/wp-json\/wp\/v2\/types\/post"}],"author":[{"embeddable":true,"href":"https:\/\/www.cref13.org.br\/cref13\/wp-json\/wp\/v2\/users\/3"}],"replies":[{"embeddable":true,"href":"https:\/\/www.cref13.org.br\/cref13\/wp-json\/wp\/v2\/comments?post=7808"}],"version-history":[{"count":1,"href":"https:\/\/www.cref13.org.br\/cref13\/wp-json\/wp\/v2\/posts\/7808\/revisions"}],"predecessor-version":[{"id":7810,"href":"https:\/\/www.cref13.org.br\/cref13\/wp-json\/wp\/v2\/posts\/7808\/revisions\/7810"}],"wp:featuredmedia":[{"embeddable":true,"href":"https:\/\/www.cref13.org.br\/cref13\/wp-json\/wp\/v2\/media\/7809"}],"wp:attachment":[{"href":"https:\/\/www.cref13.org.br\/cref13\/wp-json\/wp\/v2\/media?parent=7808"}],"wp:term":[{"taxonomy":"category","embeddable":true,"href":"https:\/\/www.cref13.org.br\/cref13\/wp-json\/wp\/v2\/categories?post=7808"},{"taxonomy":"post_tag","embeddable":true,"href":"https:\/\/www.cref13.org.br\/cref13\/wp-json\/wp\/v2\/tags?post=7808"}],"curies":[{"name":"wp","href":"https:\/\/api.w.org\/{rel}","templated":true}]}}