{"id":826,"date":"2021-09-28T08:00:00","date_gmt":"2021-09-28T11:00:00","guid":{"rendered":"https:\/\/www.cref13.org.br\/cref13\/?p=826"},"modified":"2021-10-19T15:45:26","modified_gmt":"2021-10-19T18:45:26","slug":"aplicativo-para-pessoas-juridicas","status":"publish","type":"post","link":"https:\/\/www.cref13.org.br\/cref13\/aplicativo-para-pessoas-juridicas\/","title":{"rendered":"CREF13\/BA LAN\u00c7A APLICATIVO PARA PESSOAS JUR\u00cdDICAS"},"content":{"rendered":"\n<p>Ap\u00f3s lan\u00e7ar, no primeiro semestre de 2021, um aplicativo para os Profissionais de Educa\u00e7\u00e3o F\u00edsica da Bahia acessarem os servi\u00e7os do Conselho Regional de Educa\u00e7\u00e3o F\u00edsica da Bahia (CREF13\/BA), mais uma novidade est\u00e1 sendo disponibilizada, dessa vez \u00e9 um aplicativo voltado apenas para as Pessoas Jur\u00eddicas registradas no CREF13\/BA. Por meio do APP, que est\u00e1 dispon\u00edvel gratuitamente para Android e tamb\u00e9m para IOS, \u00e9 poss\u00edvel executar diversas a\u00e7\u00f5es, como olhar as not\u00edcias e consultar os dados da Pessoa Jur\u00eddica.<\/p>\n\n\n\n<p>Essa \u00e9 mais uma inova\u00e7\u00e3o do Conselho, com o objetivo de facilitar o cotidiano dos registrados no CREF13\/BA. Desde 2019, diversos avan\u00e7os foram registrados, diminuindo custos internos desnecess\u00e1rios e eliminado procedimentos arcaicos, com a principal finalidade de agilizar o dia a dia por meio da tecnologia. Para baixar o aplicativo, basta acessar a Play Store e o App Store. O APP est\u00e1 identificado com o logotipo do Conselho Regional de Educa\u00e7\u00e3o F\u00edsica da Bahia. Qualquer d\u00favida ou problema em utilizar o aplicativo, como necessidade de atualiza\u00e7\u00e3o do e-mail cadastrado atualmente no CREF13\/BA, ser\u00e3o solucionadas por meio do e-mail: cref13@cref13.org.br.<\/p>\n","protected":false},"excerpt":{"rendered":"<p>Ap\u00f3s lan\u00e7ar, no primeiro semestre de 2021, um aplicativo para os Profissionais de Educa\u00e7\u00e3o F\u00edsica da Bahia acessarem os servi\u00e7os do Conselho Regional de Educa\u00e7\u00e3o F\u00edsica da Bahia (CREF13\/BA), mais uma novidade est\u00e1 sendo disponibilizada, dessa vez \u00e9 um aplicativo voltado apenas para as Pessoas Jur\u00eddicas registradas no CREF13\/BA. Por meio do APP, que est\u00e1 [&hellip;]<\/p>\n","protected":false},"author":11,"featured_media":818,"comment_status":"open","ping_status":"open","sticky":false,"template":"","format":"standard","meta":{"footnotes":""},"categories":[14],"tags":[],"class_list":["post-826","post","type-post","status-publish","format-standard","has-post-thumbnail","hentry","category-noticias"],"_links":{"self":[{"href":"https:\/\/www.cref13.org.br\/cref13\/wp-json\/wp\/v2\/posts\/826","targetHints":{"allow":["GET"]}}],"collection":[{"href":"https:\/\/www.cref13.org.br\/cref13\/wp-json\/wp\/v2\/posts"}],"about":[{"href":"https:\/\/www.cref13.org.br\/cref13\/wp-json\/wp\/v2\/types\/post"}],"author":[{"embeddable":true,"href":"https:\/\/www.cref13.org.br\/cref13\/wp-json\/wp\/v2\/users\/11"}],"replies":[{"embeddable":true,"href":"https:\/\/www.cref13.org.br\/cref13\/wp-json\/wp\/v2\/comments?post=826"}],"version-history":[{"count":1,"href":"https:\/\/www.cref13.org.br\/cref13\/wp-json\/wp\/v2\/posts\/826\/revisions"}],"predecessor-version":[{"id":827,"href":"https:\/\/www.cref13.org.br\/cref13\/wp-json\/wp\/v2\/posts\/826\/revisions\/827"}],"wp:featuredmedia":[{"embeddable":true,"href":"https:\/\/www.cref13.org.br\/cref13\/wp-json\/wp\/v2\/media\/818"}],"wp:attachment":[{"href":"https:\/\/www.cref13.org.br\/cref13\/wp-json\/wp\/v2\/media?parent=826"}],"wp:term":[{"taxonomy":"category","embeddable":true,"href":"https:\/\/www.cref13.org.br\/cref13\/wp-json\/wp\/v2\/categories?post=826"},{"taxonomy":"post_tag","embeddable":true,"href":"https:\/\/www.cref13.org.br\/cref13\/wp-json\/wp\/v2\/tags?post=826"}],"curies":[{"name":"wp","href":"https:\/\/api.w.org\/{rel}","templated":true}]}}