{"id":8636,"date":"2024-08-20T08:31:52","date_gmt":"2024-08-20T11:31:52","guid":{"rendered":"https:\/\/www.cref13.org.br\/cref13\/?p=8636"},"modified":"2024-08-20T08:31:52","modified_gmt":"2024-08-20T11:31:52","slug":"curso-de-musculacao-realizado-pelo-cre1f3-ba-acontece-em-salvador-confira","status":"publish","type":"post","link":"https:\/\/www.cref13.org.br\/cref13\/curso-de-musculacao-realizado-pelo-cre1f3-ba-acontece-em-salvador-confira\/","title":{"rendered":"Curso de Muscula\u00e7\u00e3o realizado pelo CRE1F3\/BA acontece em Salvador, confira!"},"content":{"rendered":"\n<p>O CREF13\/BA, realizar\u00e1 um curso de capacita\u00e7\u00e3o para Profissionais e Estudantes de Educa\u00e7\u00e3o F\u00edsica da Bahia!<\/p>\n\n\n\n<p>Trazendo o tema \u201cMuscula\u00e7\u00e3o na Pr\u00e1tica: Um Olhar Al\u00e9m do \u00d3bvio\u201d, o evento ter\u00e1 8 horas de dura\u00e7\u00e3o e abordar\u00e1 sistemas e m\u00e9todos de treino, carga de treinamento externa e interna na muscula\u00e7\u00e3o, avalia\u00e7\u00e3o funcional, entre outros t\u00f3picos.<\/p>\n\n\n\n<p>Em Salvador, o curso ser\u00e1 ministrado pelo professor Leonardo Lima no dia 27 de setembro, das 9h \u00e0s 18h.&nbsp;<\/p>\n\n\n\n<p>Evento presencial: UNINASSAU &#8211; Salvador, Salvador &#8211; BA (R. dos Ma\u00e7ons, 364 Pituba)<\/p>\n\n\n\n<p>Este evento, promovido pelo CREF13\/BA e pela Uninassau Salvador, \u00e9 uma oportunidade \u00fanica para aprofundar seus conhecimentos e trocar experi\u00eancias valiosas. N\u00e3o perca!<\/p>\n\n\n\n<p>Garanta sua vaga: Inscreva-se aqui. [<a href=\"https:\/\/www.sympla.com.br\/evento\/musculacao-olhar-alem-do-obvio\/2601091\" target=\"_blank\" rel=\"noreferrer noopener\">https:\/\/www.sympla.com.br\/evento\/musculacao-olhar-alem-do-obvio\/2601091<\/a>]<\/p>\n","protected":false},"excerpt":{"rendered":"<p>O CREF13\/BA, realizar\u00e1 um curso de capacita\u00e7\u00e3o para Profissionais e Estudantes de Educa\u00e7\u00e3o F\u00edsica da Bahia! Trazendo o tema \u201cMuscula\u00e7\u00e3o na Pr\u00e1tica: Um Olhar Al\u00e9m do \u00d3bvio\u201d, o evento ter\u00e1 8 horas de dura\u00e7\u00e3o e abordar\u00e1 sistemas e m\u00e9todos de treino, carga de treinamento externa e interna na muscula\u00e7\u00e3o, avalia\u00e7\u00e3o funcional, entre outros t\u00f3picos. Em [&hellip;]<\/p>\n","protected":false},"author":3,"featured_media":8637,"comment_status":"closed","ping_status":"open","sticky":false,"template":"","format":"standard","meta":{"footnotes":""},"categories":[14],"tags":[],"class_list":["post-8636","post","type-post","status-publish","format-standard","has-post-thumbnail","hentry","category-noticias"],"_links":{"self":[{"href":"https:\/\/www.cref13.org.br\/cref13\/wp-json\/wp\/v2\/posts\/8636","targetHints":{"allow":["GET"]}}],"collection":[{"href":"https:\/\/www.cref13.org.br\/cref13\/wp-json\/wp\/v2\/posts"}],"about":[{"href":"https:\/\/www.cref13.org.br\/cref13\/wp-json\/wp\/v2\/types\/post"}],"author":[{"embeddable":true,"href":"https:\/\/www.cref13.org.br\/cref13\/wp-json\/wp\/v2\/users\/3"}],"replies":[{"embeddable":true,"href":"https:\/\/www.cref13.org.br\/cref13\/wp-json\/wp\/v2\/comments?post=8636"}],"version-history":[{"count":1,"href":"https:\/\/www.cref13.org.br\/cref13\/wp-json\/wp\/v2\/posts\/8636\/revisions"}],"predecessor-version":[{"id":8638,"href":"https:\/\/www.cref13.org.br\/cref13\/wp-json\/wp\/v2\/posts\/8636\/revisions\/8638"}],"wp:featuredmedia":[{"embeddable":true,"href":"https:\/\/www.cref13.org.br\/cref13\/wp-json\/wp\/v2\/media\/8637"}],"wp:attachment":[{"href":"https:\/\/www.cref13.org.br\/cref13\/wp-json\/wp\/v2\/media?parent=8636"}],"wp:term":[{"taxonomy":"category","embeddable":true,"href":"https:\/\/www.cref13.org.br\/cref13\/wp-json\/wp\/v2\/categories?post=8636"},{"taxonomy":"post_tag","embeddable":true,"href":"https:\/\/www.cref13.org.br\/cref13\/wp-json\/wp\/v2\/tags?post=8636"}],"curies":[{"name":"wp","href":"https:\/\/api.w.org\/{rel}","templated":true}]}}