{"id":8773,"date":"2024-09-06T10:26:42","date_gmt":"2024-09-06T13:26:42","guid":{"rendered":"https:\/\/www.cref13.org.br\/cref13\/?p=8773"},"modified":"2024-09-06T10:26:42","modified_gmt":"2024-09-06T13:26:42","slug":"3-academias-sao-interditadas-em-sao-desiderio-durante-operacao-do-cref13-ba","status":"publish","type":"post","link":"https:\/\/www.cref13.org.br\/cref13\/3-academias-sao-interditadas-em-sao-desiderio-durante-operacao-do-cref13-ba\/","title":{"rendered":"3 academias s\u00e3o interditadas em S\u00e3o Desid\u00e9rio durante Opera\u00e7\u00e3o do CREF13\/BA"},"content":{"rendered":"\n<p>A equipe do Departamento Orienta\u00e7\u00e3o e Fiscaliza\u00e7\u00e3o do Conselho Regional de Educa\u00e7\u00e3o F\u00edsica da 13\u00aa Regi\u00e3o trabalha continuamente para assegurar \u00e0 sociedade que apenas profissionais de Educa\u00e7\u00e3o F\u00edsica atuem nos estabelecimentos e que estes tamb\u00e9m possuam legalidade, uma vez que ambos devem ser registrados no CREF13\/BA.<\/p>\n\n\n\n<p>Durante a Opera\u00e7\u00e3o Academia Legal, o DEOFIS do CREF13\/BA interditou tr\u00eas academias em S\u00e3o Desid\u00e9rio por irregularidades em rela\u00e7\u00e3o \u00e0s Leis Federais 9696\/98, 14.386\/22 e 6839\/80.<\/p>\n\n\n\n<p>A participa\u00e7\u00e3o da sociedade \u00e9 essencial para a prote\u00e7\u00e3o e valoriza\u00e7\u00e3o da profiss\u00e3o. Exija profissionais qualificados e denuncie casos de suspeita de exerc\u00edcio ilegal <a href=\"https:\/\/www.cref13.org.br\/cref13\/denuncia\/\" data-type=\"link\" data-id=\"https:\/\/www.cref13.org.br\/cref13\/denuncia\/\">clicando aqui<\/a>!<br><\/p>\n","protected":false},"excerpt":{"rendered":"<p>A equipe do Departamento Orienta\u00e7\u00e3o e Fiscaliza\u00e7\u00e3o do Conselho Regional de Educa\u00e7\u00e3o F\u00edsica da 13\u00aa Regi\u00e3o trabalha continuamente para assegurar \u00e0 sociedade que apenas profissionais de Educa\u00e7\u00e3o F\u00edsica atuem nos estabelecimentos e que estes tamb\u00e9m possuam legalidade, uma vez que ambos devem ser registrados no CREF13\/BA. Durante a Opera\u00e7\u00e3o Academia Legal, o DEOFIS do CREF13\/BA [&hellip;]<\/p>\n","protected":false},"author":3,"featured_media":8774,"comment_status":"closed","ping_status":"open","sticky":false,"template":"","format":"standard","meta":{"footnotes":""},"categories":[14],"tags":[],"class_list":["post-8773","post","type-post","status-publish","format-standard","has-post-thumbnail","hentry","category-noticias"],"_links":{"self":[{"href":"https:\/\/www.cref13.org.br\/cref13\/wp-json\/wp\/v2\/posts\/8773","targetHints":{"allow":["GET"]}}],"collection":[{"href":"https:\/\/www.cref13.org.br\/cref13\/wp-json\/wp\/v2\/posts"}],"about":[{"href":"https:\/\/www.cref13.org.br\/cref13\/wp-json\/wp\/v2\/types\/post"}],"author":[{"embeddable":true,"href":"https:\/\/www.cref13.org.br\/cref13\/wp-json\/wp\/v2\/users\/3"}],"replies":[{"embeddable":true,"href":"https:\/\/www.cref13.org.br\/cref13\/wp-json\/wp\/v2\/comments?post=8773"}],"version-history":[{"count":1,"href":"https:\/\/www.cref13.org.br\/cref13\/wp-json\/wp\/v2\/posts\/8773\/revisions"}],"predecessor-version":[{"id":8775,"href":"https:\/\/www.cref13.org.br\/cref13\/wp-json\/wp\/v2\/posts\/8773\/revisions\/8775"}],"wp:featuredmedia":[{"embeddable":true,"href":"https:\/\/www.cref13.org.br\/cref13\/wp-json\/wp\/v2\/media\/8774"}],"wp:attachment":[{"href":"https:\/\/www.cref13.org.br\/cref13\/wp-json\/wp\/v2\/media?parent=8773"}],"wp:term":[{"taxonomy":"category","embeddable":true,"href":"https:\/\/www.cref13.org.br\/cref13\/wp-json\/wp\/v2\/categories?post=8773"},{"taxonomy":"post_tag","embeddable":true,"href":"https:\/\/www.cref13.org.br\/cref13\/wp-json\/wp\/v2\/tags?post=8773"}],"curies":[{"name":"wp","href":"https:\/\/api.w.org\/{rel}","templated":true}]}}